{"id":220,"date":"2019-04-26T19:32:25","date_gmt":"2019-04-26T17:32:25","guid":{"rendered":"https:\/\/avallon-morvan-peche.fr\/?p=220"},"modified":"2019-04-26T19:43:20","modified_gmt":"2019-04-26T17:43:20","slug":"louverture-du-brochet-cest-demain","status":"publish","type":"post","link":"https:\/\/avallon-morvan-peche.fr\/index.php\/2019\/04\/26\/louverture-du-brochet-cest-demain\/","title":{"rendered":"L&rsquo;ouverture du brochet, c&rsquo;est demain !"},"content":{"rendered":"\n<p>L&rsquo;ouverture de la p\u00eache du brochet est avanc\u00e9e \u00e0 ce samedi 27 avril. <\/p>\n\n\n\n<p>Attention : l&rsquo;ouverture de la p\u00eache du sandre est maintenue au 1er mai.<br><\/p>\n\n\n\n<p>Plus d&rsquo;infos dans la publication de la F\u00e9d\u00e9ration de la p\u00eache de l&rsquo;Yonne ci-dessous et sur le site  <br><a href=\"http:\/\/www.federation-peche-yonne.fr\/actualite-1407.html\">http:\/\/www.federation-peche-yonne.fr\/actualite-1407.html<\/a> <\/p>\n\n\n\n<figure class=\"wp-block-image\"><img src=\"https:\/\/avallon-morvan-peche.fr\/wp-content\/uploads\/2019\/04\/Carnassiers-2019-officiel.jpg\" alt=\"\" class=\"wp-image-221\"\/><\/figure>\n","protected":false},"excerpt":{"rendered":"<p>L&rsquo;ouverture de la p\u00eache du brochet est avanc\u00e9e \u00e0 ce samedi 27 avril. Attention : l&rsquo;ouverture de la p\u00eache du sandre est maintenue au 1er mai. Plus d&rsquo;infos dans la publication de la F\u00e9d\u00e9ration de&#8230;<\/p>\n","protected":false},"author":1,"featured_media":225,"comment_status":"closed","ping_status":"open","sticky":false,"template":"","format":"standard","meta":[],"categories":[1],"tags":[],"_links":{"self":[{"href":"https:\/\/avallon-morvan-peche.fr\/index.php\/wp-json\/wp\/v2\/posts\/220"}],"collection":[{"href":"https:\/\/avallon-morvan-peche.fr\/index.php\/wp-json\/wp\/v2\/posts"}],"about":[{"href":"https:\/\/avallon-morvan-peche.fr\/index.php\/wp-json\/wp\/v2\/types\/post"}],"author":[{"embeddable":true,"href":"https:\/\/avallon-morvan-peche.fr\/index.php\/wp-json\/wp\/v2\/users\/1"}],"replies":[{"embeddable":true,"href":"https:\/\/avallon-morvan-peche.fr\/index.php\/wp-json\/wp\/v2\/comments?post=220"}],"version-history":[{"count":3,"href":"https:\/\/avallon-morvan-peche.fr\/index.php\/wp-json\/wp\/v2\/posts\/220\/revisions"}],"predecessor-version":[{"id":224,"href":"https:\/\/avallon-morvan-peche.fr\/index.php\/wp-json\/wp\/v2\/posts\/220\/revisions\/224"}],"wp:featuredmedia":[{"embeddable":true,"href":"https:\/\/avallon-morvan-peche.fr\/index.php\/wp-json\/wp\/v2\/media\/225"}],"wp:attachment":[{"href":"https:\/\/avallon-morvan-peche.fr\/index.php\/wp-json\/wp\/v2\/media?parent=220"}],"wp:term":[{"taxonomy":"category","embeddable":true,"href":"https:\/\/avallon-morvan-peche.fr\/index.php\/wp-json\/wp\/v2\/categories?post=220"},{"taxonomy":"post_tag","embeddable":true,"href":"https:\/\/avallon-morvan-peche.fr\/index.php\/wp-json\/wp\/v2\/tags?post=220"}],"curies":[{"name":"wp","href":"https:\/\/api.w.org\/{rel}","templated":true}]}}