{"id":227,"date":"2019-05-19T18:55:42","date_gmt":"2019-05-19T16:55:42","guid":{"rendered":"https:\/\/avallon-morvan-peche.fr\/?p=227"},"modified":"2019-05-19T18:55:48","modified_gmt":"2019-05-19T16:55:48","slug":"fete-de-la-peche-le-26-mai-a-girolles","status":"publish","type":"post","link":"https:\/\/avallon-morvan-peche.fr\/index.php\/2019\/05\/19\/fete-de-la-peche-le-26-mai-a-girolles\/","title":{"rendered":"F\u00eate de la p\u00eache le 26 mai \u00e0 Girolles"},"content":{"rendered":"\n<p>L&rsquo;AAMP reconduit la f\u00eate de la p\u00eache \u00e0 l&rsquo;\u00e9tang de Girolles le dimanche 26 mai en partenariat avec la F\u00e9d\u00e9ration D\u00e9partementale de la p\u00eache et la commune de Girolles. A cette occasion, tout participant pourra p\u00eacher gratuitement et un animateur de la f\u00e9d\u00e9 proposera d&rsquo;initier jeunes et moins jeunes \u00e0 la p\u00eache. Les enfants recevront tous un lot<\/p>\n\n\n\n<figure class=\"wp-block-image\"><img loading=\"lazy\" width=\"1024\" height=\"576\" src=\"https:\/\/avallon-morvan-peche.fr\/wp-content\/uploads\/2019\/05\/20180527_102757-1024x576.jpg\" alt=\"\" class=\"wp-image-229\" srcset=\"https:\/\/avallon-morvan-peche.fr\/wp-content\/uploads\/2019\/05\/20180527_102757-1024x576.jpg 1024w, https:\/\/avallon-morvan-peche.fr\/wp-content\/uploads\/2019\/05\/20180527_102757-300x169.jpg 300w, https:\/\/avallon-morvan-peche.fr\/wp-content\/uploads\/2019\/05\/20180527_102757-768x432.jpg 768w, https:\/\/avallon-morvan-peche.fr\/wp-content\/uploads\/2019\/05\/20180527_102757-655x368.jpg 655w\" sizes=\"(max-width: 1024px) 100vw, 1024px\" \/><figcaption>f\u00eate de la p\u00eache 2018 \u00e0 Girolles<\/figcaption><\/figure>\n\n\n\n<p>Cette f\u00eate est aussi l&rsquo;occasion pour l&rsquo;AAMP de rencontrer les p\u00eacheurs et d&rsquo;\u00e9changer sur la p\u00eache en Avallonnais-Morvan. Un nettoyage citoyen sera organis\u00e9 de 15h \u00e0 16h.<\/p>\n\n\n\n<figure class=\"wp-block-image\"><img loading=\"lazy\" width=\"1024\" height=\"576\" src=\"https:\/\/avallon-morvan-peche.fr\/wp-content\/uploads\/2019\/02\/DSC_7372-1024x576.jpg\" alt=\"\" class=\"wp-image-183\" srcset=\"https:\/\/avallon-morvan-peche.fr\/wp-content\/uploads\/2019\/02\/DSC_7372-1024x576.jpg 1024w, https:\/\/avallon-morvan-peche.fr\/wp-content\/uploads\/2019\/02\/DSC_7372-300x169.jpg 300w, https:\/\/avallon-morvan-peche.fr\/wp-content\/uploads\/2019\/02\/DSC_7372-768x432.jpg 768w, https:\/\/avallon-morvan-peche.fr\/wp-content\/uploads\/2019\/02\/DSC_7372-655x368.jpg 655w\" sizes=\"(max-width: 1024px) 100vw, 1024px\" \/><figcaption>Fete de la p\u00eache Marrault 2015<\/figcaption><\/figure>\n\n\n\n<p>La commune de Girolles organise le m\u00eame jour son traditionnel vide-grenier, le 26 mai est donc la journ\u00e9e id\u00e9ale pour venir p\u00eacher et chiner en famille \u00e0 Girolles! Rendez-vous \u00e0 partir de 10h, venez nombreux !<\/p>\n\n\n\n<p><\/p>\n","protected":false},"excerpt":{"rendered":"<p>L&rsquo;AAMP reconduit la f\u00eate de la p\u00eache \u00e0 l&rsquo;\u00e9tang de Girolles le dimanche 26 mai en partenariat avec la F\u00e9d\u00e9ration D\u00e9partementale de la p\u00eache et la commune de Girolles. A cette occasion, tout participant pourra&#8230;<\/p>\n","protected":false},"author":1,"featured_media":230,"comment_status":"closed","ping_status":"open","sticky":false,"template":"","format":"standard","meta":[],"categories":[1],"tags":[],"_links":{"self":[{"href":"https:\/\/avallon-morvan-peche.fr\/index.php\/wp-json\/wp\/v2\/posts\/227"}],"collection":[{"href":"https:\/\/avallon-morvan-peche.fr\/index.php\/wp-json\/wp\/v2\/posts"}],"about":[{"href":"https:\/\/avallon-morvan-peche.fr\/index.php\/wp-json\/wp\/v2\/types\/post"}],"author":[{"embeddable":true,"href":"https:\/\/avallon-morvan-peche.fr\/index.php\/wp-json\/wp\/v2\/users\/1"}],"replies":[{"embeddable":true,"href":"https:\/\/avallon-morvan-peche.fr\/index.php\/wp-json\/wp\/v2\/comments?post=227"}],"version-history":[{"count":1,"href":"https:\/\/avallon-morvan-peche.fr\/index.php\/wp-json\/wp\/v2\/posts\/227\/revisions"}],"predecessor-version":[{"id":231,"href":"https:\/\/avallon-morvan-peche.fr\/index.php\/wp-json\/wp\/v2\/posts\/227\/revisions\/231"}],"wp:featuredmedia":[{"embeddable":true,"href":"https:\/\/avallon-morvan-peche.fr\/index.php\/wp-json\/wp\/v2\/media\/230"}],"wp:attachment":[{"href":"https:\/\/avallon-morvan-peche.fr\/index.php\/wp-json\/wp\/v2\/media?parent=227"}],"wp:term":[{"taxonomy":"category","embeddable":true,"href":"https:\/\/avallon-morvan-peche.fr\/index.php\/wp-json\/wp\/v2\/categories?post=227"},{"taxonomy":"post_tag","embeddable":true,"href":"https:\/\/avallon-morvan-peche.fr\/index.php\/wp-json\/wp\/v2\/tags?post=227"}],"curies":[{"name":"wp","href":"https:\/\/api.w.org\/{rel}","templated":true}]}}