{"id":98,"date":"2019-01-25T18:31:34","date_gmt":"2019-01-25T17:31:34","guid":{"rendered":"https:\/\/avallon-morvan-peche.fr\/?p=98"},"modified":"2019-01-25T18:31:35","modified_gmt":"2019-01-25T17:31:35","slug":"bonne-annee-2019","status":"publish","type":"post","link":"https:\/\/avallon-morvan-peche.fr\/index.php\/2019\/01\/25\/bonne-annee-2019\/","title":{"rendered":"Bonne ann\u00e9e 2019"},"content":{"rendered":"\n<p>Bonjour,<br>Les membres du bureau se joignent \u00e0 moi pour vous pr\u00e9senter nos meilleurs v\u0153ux.\u00a0<br>Nous serons heureux de vous rencontrer \u00e0 l&rsquo;occasion de notre Assembl\u00e9e G\u00e9n\u00e9rale\u00a0qui est pr\u00e9vue le dimanche 03 f\u00e9vrier 2019 \u00e0 9h30 \u00e0 la salle Pr\u00e9vost \u00e0 Avallon, rue du Coll\u00e9ge.<br>L&rsquo;assembl\u00e9e sera cl\u00f4tur\u00e9e par le pot de l&rsquo;amiti\u00e9.<br>\u00a0\u00a0 \u00a0 \u00a0 \u00a0 \u00a0 \u00a0 \u00a0 \u00a0 \u00a0 \u00a0 \u00a0 \u00a0 \u00a0 \u00a0 \u00a0 \u00a0 \u00a0 \u00a0 \u00a0 \u00a0 \u00a0 \u00a0 \u00a0 \u00a0 \u00a0 \u00a0 \u00a0 \u00a0 \u00a0 \u00a0 \u00a0 \u00a0 \u00a0 \u00a0 \u00a0 \u00a0 \u00a0 \u00a0 \u00a0 \u00a0 \u00a0 \u00a0 \u00a0 \u00a0 \u00a0 \u00a0 \u00a0 Cordialement<br>\u00a0\u00a0 \u00a0 \u00a0 \u00a0 \u00a0 \u00a0 \u00a0 \u00a0 \u00a0 \u00a0 \u00a0 \u00a0 \u00a0 \u00a0 \u00a0 \u00a0 \u00a0 \u00a0 \u00a0 \u00a0 \u00a0 \u00a0 \u00a0 \u00a0 \u00a0 \u00a0 \u00a0 \u00a0 \u00a0 \u00a0 \u00a0 \u00a0 \u00a0 \u00a0 \u00a0 \u00a0 \u00a0 \u00a0 \u00a0 \u00a0 \u00a0 \u00a0 \u00a0 \u00a0 \u00a0 \u00a0 \u00a0 \u00a0Le Pr\u00e9sident\u00a0\u00a0 <\/p>\n","protected":false},"excerpt":{"rendered":"<p>Bonjour,Les membres du bureau se joignent \u00e0 moi pour vous pr\u00e9senter nos meilleurs v\u0153ux.\u00a0Nous serons heureux de vous rencontrer \u00e0 l&rsquo;occasion de notre Assembl\u00e9e G\u00e9n\u00e9rale\u00a0qui est pr\u00e9vue le dimanche 03 f\u00e9vrier 2019 \u00e0 9h30 \u00e0&#8230;<\/p>\n","protected":false},"author":1,"featured_media":11,"comment_status":"closed","ping_status":"open","sticky":false,"template":"","format":"standard","meta":[],"categories":[1],"tags":[],"_links":{"self":[{"href":"https:\/\/avallon-morvan-peche.fr\/index.php\/wp-json\/wp\/v2\/posts\/98"}],"collection":[{"href":"https:\/\/avallon-morvan-peche.fr\/index.php\/wp-json\/wp\/v2\/posts"}],"about":[{"href":"https:\/\/avallon-morvan-peche.fr\/index.php\/wp-json\/wp\/v2\/types\/post"}],"author":[{"embeddable":true,"href":"https:\/\/avallon-morvan-peche.fr\/index.php\/wp-json\/wp\/v2\/users\/1"}],"replies":[{"embeddable":true,"href":"https:\/\/avallon-morvan-peche.fr\/index.php\/wp-json\/wp\/v2\/comments?post=98"}],"version-history":[{"count":1,"href":"https:\/\/avallon-morvan-peche.fr\/index.php\/wp-json\/wp\/v2\/posts\/98\/revisions"}],"predecessor-version":[{"id":99,"href":"https:\/\/avallon-morvan-peche.fr\/index.php\/wp-json\/wp\/v2\/posts\/98\/revisions\/99"}],"wp:featuredmedia":[{"embeddable":true,"href":"https:\/\/avallon-morvan-peche.fr\/index.php\/wp-json\/wp\/v2\/media\/11"}],"wp:attachment":[{"href":"https:\/\/avallon-morvan-peche.fr\/index.php\/wp-json\/wp\/v2\/media?parent=98"}],"wp:term":[{"taxonomy":"category","embeddable":true,"href":"https:\/\/avallon-morvan-peche.fr\/index.php\/wp-json\/wp\/v2\/categories?post=98"},{"taxonomy":"post_tag","embeddable":true,"href":"https:\/\/avallon-morvan-peche.fr\/index.php\/wp-json\/wp\/v2\/tags?post=98"}],"curies":[{"name":"wp","href":"https:\/\/api.w.org\/{rel}","templated":true}]}}